{"id":42,"date":"2011-12-01T16:34:43","date_gmt":"2011-12-01T16:34:43","guid":{"rendered":"http:\/\/durban.redtercermundo.org.uy\/?p=42"},"modified":"2011-12-05T10:37:17","modified_gmt":"2011-12-05T10:37:17","slug":"principios-para-arrancar-el-clima-de-manos-del-capitalismo-salvaje","status":"publish","type":"post","link":"https:\/\/durban.redtercermundo.org.uy\/?p=42","title":{"rendered":"Principios para arrancar el clima de manos del capitalismo salvaje"},"content":{"rendered":"<p>Elizabeth Peredo Beltr\u00e1n<br \/>\nYa lo dijimos y lo repetimos: el Clima est\u00e1 en manos del \u201ccapitalismo salvaje\u201d y sus instituciones. En las negociaciones del \u00faltimo a\u00f1o no se ha avanzado pr\u00e1cticamente en nada positivo para los pueblos, no se han logrado compromisos de una mayor reducci\u00f3n y, apoyados en los acuerdos de Canc\u00fan, se ha seguido una l\u00f3gica suicida de \u201ccompromisos voluntarios\u201d orientados a desmantelar el r\u00e9gimen del clima y fomentar un nuevo instrumento que sustituya al Protocolo de Kyoto facilitando a las grandes econom\u00edas eludir sus responsabilidades, en particular a EEUU. Se ha empoderado al Banco Mundial y su rol en el Fondo Verde abri\u00e9ndose hacia una mayor privatizaci\u00f3n, endeudamiento y condicionalidades, se ha avanzado en afinar los mecanismos de mercado para el \u201ccontrol\u201d de las emisiones, no se cuentan con compromisos para fondos suficientes que respondan a la cat\u00e1strofe, se ha debilitado en la pr\u00e1ctica la situaci\u00f3n de los pa\u00edses en desarrollo y vamos vertiginosamente hacia temperaturas mayores a los 2\u00baC, algunos colectivos cient\u00edficos hablan incluso de que en este siglo podr\u00edamos superar una elevaci\u00f3n de 4\u00baC promedio: una verdadera cat\u00e1strofe.<!--more--><\/p>\n<p>Las decisiones que se vayan a tomar ya son tard\u00edas, pero dar\u00eda al menos una esperanza saber que los estados son concientes de la magnitud de esta crisis y de sus responsabilidades. Los gobiernos deben decir la verdad, explicar a sus pueblos lo que pasa, pues los lamentos y las promesas de un futuro no son suficientes, necesitamos medidas efectivas e inmediatas para parar esta destrucci\u00f3n.<\/p>\n<p>Exigimos a los gobiernos que en la COP 17 defiendan los principios de la equidad y de las responsabilidades hist\u00f3ricas de las grandes econom\u00edas para con el mundo y que los pa\u00edses responsables de esta cat\u00e1strofe no solamente se comprometan a reducciones sustantivas de sus emisiones, sino a dejar de impulsar un desarrollo insostenible en el sur mediante sus empresas, sus pol\u00edticas y su afan de salvar al capitalismo en su crisis financiera. El planeta no tiene por qu\u00e9 pagar el costo de la crisis producida por ellos mismos.<\/p>\n<p>Exigimos tambi\u00e9n a nuestro gobierno que, a tiempo de defender el r\u00e9gimen clim\u00e1tico basado en las responsabilidades hist\u00f3ricas y diferenciadas entre las grandes econom\u00edas y los \u201cpa\u00edses en desarrollo\u201d, act\u00fae con coherencia y consecuencia en el nivel internacional y a nivel local, porque si bien clamamos por el derecho al desarrollo, debemos decir con la cara en alto que el tipo de desarrollo que buscamos no es el mismo que el que est\u00e1 destruyendo el planeta. Los representantes de Bolivia deben ser coherentes con c\u00f3mo poner en pr\u00e1ctica aquello que llamamos los \u201cderechos de la Madre Tierra\u201d, esos temas incluidos en los textos borradores de negociaci\u00f3n deben contar con explicaciones coherentes, reflexionadas, basadas en lo que las realidades locales est\u00e1n clamando.<\/p>\n<p>Y a quienes se rasgan las vestiduras afirmando que los que m\u00e1s contaminan hoy son los pa\u00edses emergentes, que no para nosotros son ning\u00fan modelo a seguir, les recordamos la enorme deuda hist\u00f3rica que los pa\u00edses desarrollados y las grandes econom\u00edas tienen con los pa\u00edses pobres y que son precisamente las grandes transnacionales de occidente las que exacerban el extractivismo y el desarrollismo. El argumento de las econom\u00edas emergentes est\u00e1 siendo usado por los pa\u00edses desarrollados, en particular por Estados Unidos, para desmantelar el r\u00e9gimen multilateral sobre el clima y destruir aquellos principios expresados en la Convenci\u00f3n y el Protocolo de Kyoto e inclusive borrar con el codo lo que se acord\u00f3 en la Agena de Bali. Mientras tanto y en paralelo se afilan los sables para las negociaciones de la OMC que bajo mandato del G20 en la reciente reuni\u00f3n en Niza se han constitu\u00eddo en una prioridad a ser concluidas. Son precisamente las profundas asimetr\u00edas y las leyes del capital como los sistemas de propiedad intelectual y las reglas de inversi\u00f3n las que han facilitado a estos pa\u00edses ubicarse a a\u00f1os luz en tecnolog\u00edas y matrices energ\u00e9ticas de bajo carbono y que \u2013por cierto- ni siquiera son utilizadas como corresponde bajo pol\u00edticas p\u00fablicas sino que siguen en manos del poder corporativo.<\/p>\n<p>Pero tambi\u00e9n es fundamental echar una mirada al poder de las corporaciones y las \u00e9lites dominantes en los pa\u00edses del sur y a los modelos de desarrollo, infraestructura y energ\u00eda que \u00e9stas est\u00e1n impulsando, como es el caso de Am\u00e9rica del Sur y su relaci\u00f3n con la crisis clim\u00e1tica y ambiental y recordar que el propio PICC (Panel Intergubernamental de Cambio Clim\u00e1tico) afirma que las pr\u00e1cticas de gesti\u00f3n del pasado en t\u00e9rminos de infraestructura, gesti\u00f3n del agua, por ejemplo, son antecedentes adecuados para la magnitud de los desaf\u00edos que el futuro depara, dados los grados de vulnerabilidad por los cambios clim\u00e1ticos.<\/p>\n<p>Sin duda, las soluciones de fondo vendr\u00e1n de la gente, que es la que vive en carne propia las consecuencias as\u00ed como lo hemos visto en Tahilandia, Colombia, Australia, Am\u00e9rica del Sur, las sequ\u00edas en Africa y todas aquellas regiones golpeadas por la crisis clim\u00e1tica y ambiental y por la vulnerabilidad que ha a\u00f1adido a esta situaci\u00f3n el uso de la energ\u00eda nuclear, la construcci\u00f3n de infraestructuras agresivas\u00a0 y el incremento de los agrocombustibles. Es la gente de a pie, esa que no va a las conferencias internacionales, la que enfrenta y resuelve las crisis y la que se merece una esperanza.<\/p>\n<p>As\u00ed fue tambi\u00e9n con la agenda propuesta por el Acuerdo de los Pueblos que sintetiza la conciencia de que requerimos acuerdos globales basados en la ciencia, la equidad y la justicia, recordemos algunas de las propuestas elaboradas colectivamente:<\/p>\n<p>Los acuerdos deben estar dirigidos a limitar el incremento de la temperatura en el presente siglo a 1\u00ba C para reducir los efectos del cambio clim\u00e1tico.<\/p>\n<p>Se debe buscar reducir los gases de efecto invernadero en 50% respecto al a\u00f1o base de 1990 para el 2do periodo de compromiso en el Protocolo de Kioto desde 2013 \u2013 2017.<\/p>\n<p>Los pa\u00edses desarrollados tienen una deuda clim\u00e1tica con los pa\u00edses pobres, la madre tierra y las futuras generaciones y deben honrarla.<\/p>\n<p>Los fondos para enfrentar los impactos del cambio clim\u00e1tico deben superar a nivel mundial los presupuestos de defensa, guerra y seguridad de los pa\u00edses desarrollados.<\/p>\n<p>Ninguna instituci\u00f3n de inter\u00e9s privado como el Banco Mundial u otras deben intervenir en la gesti\u00f3n de los fondos para el clima que son de inter\u00e9s p\u00fablico.<\/p>\n<p>No se puede someter la reducci\u00f3n de emisiones por la deforestaci\u00f3n y degradaci\u00f3n de bosques a los mecanismos de mercado.\u00a0 (Acuerdo de los Pueblos, Abril 2010)<\/p>\n<p>Cada a\u00f1o los medios dicen que &#8220;esta vez&#8221; se trata de \u201cla \u00faltima oportunidad para salvar el planeta\u201d. Hasta las palabras est\u00e1n empezando a quedar vac\u00edas de contenido. Lo que se juega en Durban no es la vida, porque ya la rifaron hace tiempo, lo que se juega verdaderamente es la posibilidad de encontrar los caminos reales y coherentes para detener la cat\u00e1strofe y para sembrar desde la \u00e9tica y la justicia las bases de una sociedad transformada que eluda consecuentemente los mecanismos y el aparato de la destrucci\u00f3n global en el d\u00eda a d\u00eda.<\/p>\n<p>&nbsp;<\/p>\n<p>*Psic\u00f3loga social, escritora y activista por el agua, la cultura y contra el racismo.<\/p>\n","protected":false},"excerpt":{"rendered":"<p>Elizabeth Peredo Beltr\u00e1n Ya lo dijimos y lo repetimos: el Clima est\u00e1 en manos del \u201ccapitalismo salvaje\u201d y sus instituciones. En las negociaciones del \u00faltimo a\u00f1o no se ha avanzado pr\u00e1cticamente en nada positivo para los pueblos, no se han &hellip; <a href=\"https:\/\/durban.redtercermundo.org.uy\/?p=42\">Continue reading <span class=\"meta-nav\">&rarr;<\/span><\/a><\/p>\n","protected":false},"author":1,"featured_media":0,"comment_status":"open","ping_status":"open","sticky":false,"template":"","format":"standard","meta":[],"categories":[1],"tags":[11,4],"_links":{"self":[{"href":"https:\/\/durban.redtercermundo.org.uy\/index.php?rest_route=\/wp\/v2\/posts\/42"}],"collection":[{"href":"https:\/\/durban.redtercermundo.org.uy\/index.php?rest_route=\/wp\/v2\/posts"}],"about":[{"href":"https:\/\/durban.redtercermundo.org.uy\/index.php?rest_route=\/wp\/v2\/types\/post"}],"author":[{"embeddable":true,"href":"https:\/\/durban.redtercermundo.org.uy\/index.php?rest_route=\/wp\/v2\/users\/1"}],"replies":[{"embeddable":true,"href":"https:\/\/durban.redtercermundo.org.uy\/index.php?rest_route=%2Fwp%2Fv2%2Fcomments&post=42"}],"version-history":[{"count":3,"href":"https:\/\/durban.redtercermundo.org.uy\/index.php?rest_route=\/wp\/v2\/posts\/42\/revisions"}],"predecessor-version":[{"id":44,"href":"https:\/\/durban.redtercermundo.org.uy\/index.php?rest_route=\/wp\/v2\/posts\/42\/revisions\/44"}],"wp:attachment":[{"href":"https:\/\/durban.redtercermundo.org.uy\/index.php?rest_route=%2Fwp%2Fv2%2Fmedia&parent=42"}],"wp:term":[{"taxonomy":"category","embeddable":true,"href":"https:\/\/durban.redtercermundo.org.uy\/index.php?rest_route=%2Fwp%2Fv2%2Fcategories&post=42"},{"taxonomy":"post_tag","embeddable":true,"href":"https:\/\/durban.redtercermundo.org.uy\/index.php?rest_route=%2Fwp%2Fv2%2Ftags&post=42"}],"curies":[{"name":"wp","href":"https:\/\/api.w.org\/{rel}","templated":true}]}}