{"id":50,"date":"2011-12-08T17:12:11","date_gmt":"2011-12-08T17:12:11","guid":{"rendered":"http:\/\/durban.redtercermundo.org.uy\/?p=50"},"modified":"2011-12-08T17:12:11","modified_gmt":"2011-12-08T17:12:11","slug":"gobernantes-resumen-sus-expectativas-de-durban","status":"publish","type":"post","link":"https:\/\/durban.redtercermundo.org.uy\/?p=50","title":{"rendered":"Gobernantes resumen sus expectativas de Durban"},"content":{"rendered":"<p>Meena Raman<br \/>\nVarios Jefes de Estado de pa\u00edses en desarrollo subrayaron la importancia del Protocolo de Kyoto y exhortaron a las Partes del Anexo 1 que garantizaran la reducci\u00f3n de sus emisiones en un segundo periodo de compromisos.<!--more-->El Anexo 1 de la Convenci\u00f3n abarca a los pa\u00edses desarrollados y a los pa\u00edses con econom\u00edas en transici\u00f3n y los obliga a reducir sus emisiones de gases de efecto invernadero. El Anexo 2 abarca a los pa\u00edses desarrollados a partir de la lista de los Estados miembros de la OCDE de 1992, y los compromete a ofrecer financiamiento adicional a los pa\u00edses en desarrollo. Ambos anexos reflejan el principio de \u201cresponsabilidades comunes pero diferenciadas\u201d de las Partes para con las obligaciones establecidas por la Convenci\u00f3n.<\/p>\n<p>La importancia de capitalizar el Fondo Verde para el Clima es un desaf\u00edo pol\u00edtico importante, dada la actual situaci\u00f3n econ\u00f3mica de numerosos pa\u00edses desarrollados y el hecho de que el financiamiento de transici\u00f3n prometido en Copenhague, en gran medida no se ha materializado.<\/p>\n<p>Con relaci\u00f3n a los intentos de algunos pa\u00edses desarrollados del Anexo 1 de desmantelar el Protocolo de Kyoto, el Primer Ministro de Etiop\u00eda expres\u00f3 que \u201cno podemos llegar a un acuerdo mejor y m\u00e1s amplio abandonando el \u00fanico que tenemos\u201d.<\/p>\n<p>Sobre el futuro del Protocolo de Kyoto, Ban dijo que a falta de un acuerdo vinculante mundial sobre el clima, el Protocolo de Kyoto es lo m\u00e1s cercano que tenemos. Si bien no resuelve por s\u00ed solo los problemas clim\u00e1ticos, es una base a partir de la cual seguir construyendo.<\/p>\n<p>* El texto completo en ingl\u00e9s se public\u00f3 en South-North Development Monitor (SUNS) el 8 de diciembre de 2011: <a href=\"http:\/\/www.sunsonline.org\" target=\"_blank\">http:\/\/www.sunsonline.org\/<\/a><\/p>\n","protected":false},"excerpt":{"rendered":"<p>Meena Raman Varios Jefes de Estado de pa\u00edses en desarrollo subrayaron la importancia del Protocolo de Kyoto y exhortaron a las Partes del Anexo 1 que garantizaran la reducci\u00f3n de sus emisiones en un segundo periodo de compromisos.<\/p>\n","protected":false},"author":1,"featured_media":0,"comment_status":"open","ping_status":"open","sticky":false,"template":"","format":"standard","meta":[],"categories":[1],"tags":[],"_links":{"self":[{"href":"https:\/\/durban.redtercermundo.org.uy\/index.php?rest_route=\/wp\/v2\/posts\/50"}],"collection":[{"href":"https:\/\/durban.redtercermundo.org.uy\/index.php?rest_route=\/wp\/v2\/posts"}],"about":[{"href":"https:\/\/durban.redtercermundo.org.uy\/index.php?rest_route=\/wp\/v2\/types\/post"}],"author":[{"embeddable":true,"href":"https:\/\/durban.redtercermundo.org.uy\/index.php?rest_route=\/wp\/v2\/users\/1"}],"replies":[{"embeddable":true,"href":"https:\/\/durban.redtercermundo.org.uy\/index.php?rest_route=%2Fwp%2Fv2%2Fcomments&post=50"}],"version-history":[{"count":2,"href":"https:\/\/durban.redtercermundo.org.uy\/index.php?rest_route=\/wp\/v2\/posts\/50\/revisions"}],"predecessor-version":[{"id":52,"href":"https:\/\/durban.redtercermundo.org.uy\/index.php?rest_route=\/wp\/v2\/posts\/50\/revisions\/52"}],"wp:attachment":[{"href":"https:\/\/durban.redtercermundo.org.uy\/index.php?rest_route=%2Fwp%2Fv2%2Fmedia&parent=50"}],"wp:term":[{"taxonomy":"category","embeddable":true,"href":"https:\/\/durban.redtercermundo.org.uy\/index.php?rest_route=%2Fwp%2Fv2%2Fcategories&post=50"},{"taxonomy":"post_tag","embeddable":true,"href":"https:\/\/durban.redtercermundo.org.uy\/index.php?rest_route=%2Fwp%2Fv2%2Ftags&post=50"}],"curies":[{"name":"wp","href":"https:\/\/api.w.org\/{rel}","templated":true}]}}