{"id":54,"date":"2011-12-08T19:41:28","date_gmt":"2011-12-08T19:41:28","guid":{"rendered":"http:\/\/durban.redtercermundo.org.uy\/?p=54"},"modified":"2011-12-08T19:41:28","modified_gmt":"2011-12-08T19:41:28","slug":"ministros-abordan-temas-dificiles-en-durban","status":"publish","type":"post","link":"https:\/\/durban.redtercermundo.org.uy\/?p=54","title":{"rendered":"Ministros abordan temas dif\u00edciles en Durban"},"content":{"rendered":"<p>Meena Raman<br \/>\nA solo dos d\u00edas de que finalicen las conversaciones de Durban sobre el clima, las Partes mantienen todav\u00eda grandes diferencias en varios temas cr\u00edticos que los negociadores no han logrado resolver. Es el turno ahora de los ministros.<!--more-->A\u00fan falta adoptar el programa provisional de la Conferencia, luego de que la presidencia sudafricana de la COP celebrara consultas informales sobre tres temas planteados por India con relaci\u00f3n al acceso equitativo al desarrollo sustentable, medidas unilaterales de comercio y derechos de propiedad intelectual.<\/p>\n<p>De manera inusual, las Partes aceptaron seguir trabajando en otros temas del programa, dejando pendiente la realizaci\u00f3n de consultas informales en los temas mencionados.<\/p>\n<p>Seg\u00fan algunas fuentes, esos tres temas siguen siendo muy resistidos por los pa\u00edses desarrollados y algunos pocos pa\u00edses en desarrollo, que intentan diferir su consideraci\u00f3n en Durban. Su argumentaci\u00f3n es que se resolver\u00e1n major en otros foros, como la Organizaci\u00f3n Mundial de Comercio (en el caso de las medidas unilaterales de comercio) y la Organizaci\u00f3n Mundial de la Propiedad Intelectual.<\/p>\n<p>Mientras, la Presidencia de la COP realiza varias consultas informales acerca del \u201cpanorama mayor\u201d, dentro de un proceso denominado \u201cIndaba\u201d, para hacer frente al estancamiento con relaci\u00f3n al Segundo periodo de compromisos para la reducci\u00f3n de emisiones en el marco del Protocolo de Kioto, as\u00ed como a los intentos de los pa\u00edses desarrollados por tener un tratado de mitigaci\u00f3n jur\u00eddicamente vinculante en el marco de la Convenci\u00f3n que reemplace al Protocolo. Dicho tratado incluir\u00eda a todas las \u201ceconom\u00edas principales\u201d para reflejar \u201clas cambiantes circunstancias econ\u00f3micas y las diferentes prioridades y oportunidades sociales y econ\u00f3micas\u201d.<\/p>\n<p>En la noche del mi\u00e9rcoles 7 de diciembre, los negociadores manten\u00edan intensas conversaciones en un esfuerzo por llegar a una decisi\u00f3n sobre el Fondo Verde para el Clima. Seg\u00fan algunas fuentes, Estados Unidos se niega a conferirle personalidad y capacidad jur\u00eddica.<\/p>\n<p>El Presidente del Grupo de Trabajo Ad-hoc sobre la Cooperaci\u00f3n a Largo Plazo, Daniel Reifsnyder, de Estados Unidos, brind\u00f3 a las Partes una actualizaci\u00f3n de c\u00f3mo se amalgamaban los textos preliminares, ofreci\u00f3 un panorama del estado de las negociaciones y sugiri\u00f3 posibles formas de continuar, incluso la necesidad de celebrar consultas ministeriales en varios temas.<\/p>\n<p>* El texto completo en ingl\u00e9s se public\u00f3 en South-North Development Monitor (SUNS) el 9 de diciembre de 2011: http:\/\/www.sunsonline.org\/<\/p>\n<p>&nbsp;<\/p>\n","protected":false},"excerpt":{"rendered":"<p>Meena Raman A solo dos d\u00edas de que finalicen las conversaciones de Durban sobre el clima, las Partes mantienen todav\u00eda grandes diferencias en varios temas cr\u00edticos que los negociadores no han logrado resolver. Es el turno ahora de los ministros.<\/p>\n","protected":false},"author":1,"featured_media":0,"comment_status":"open","ping_status":"open","sticky":false,"template":"","format":"standard","meta":[],"categories":[1],"tags":[],"_links":{"self":[{"href":"https:\/\/durban.redtercermundo.org.uy\/index.php?rest_route=\/wp\/v2\/posts\/54"}],"collection":[{"href":"https:\/\/durban.redtercermundo.org.uy\/index.php?rest_route=\/wp\/v2\/posts"}],"about":[{"href":"https:\/\/durban.redtercermundo.org.uy\/index.php?rest_route=\/wp\/v2\/types\/post"}],"author":[{"embeddable":true,"href":"https:\/\/durban.redtercermundo.org.uy\/index.php?rest_route=\/wp\/v2\/users\/1"}],"replies":[{"embeddable":true,"href":"https:\/\/durban.redtercermundo.org.uy\/index.php?rest_route=%2Fwp%2Fv2%2Fcomments&post=54"}],"version-history":[{"count":1,"href":"https:\/\/durban.redtercermundo.org.uy\/index.php?rest_route=\/wp\/v2\/posts\/54\/revisions"}],"predecessor-version":[{"id":55,"href":"https:\/\/durban.redtercermundo.org.uy\/index.php?rest_route=\/wp\/v2\/posts\/54\/revisions\/55"}],"wp:attachment":[{"href":"https:\/\/durban.redtercermundo.org.uy\/index.php?rest_route=%2Fwp%2Fv2%2Fmedia&parent=54"}],"wp:term":[{"taxonomy":"category","embeddable":true,"href":"https:\/\/durban.redtercermundo.org.uy\/index.php?rest_route=%2Fwp%2Fv2%2Fcategories&post=54"},{"taxonomy":"post_tag","embeddable":true,"href":"https:\/\/durban.redtercermundo.org.uy\/index.php?rest_route=%2Fwp%2Fv2%2Ftags&post=54"}],"curies":[{"name":"wp","href":"https:\/\/api.w.org\/{rel}","templated":true}]}}